[{"@context":"https:\/\/schema.org\/","@type":"Article","@id":"https:\/\/www.merkuriacl.cz\/perfektni-prilezitost-pro-vsechny-mlade-slecny-i-starsi-damy\/#Article","mainEntityOfPage":"https:\/\/www.merkuriacl.cz\/perfektni-prilezitost-pro-vsechny-mlade-slecny-i-starsi-damy\/","headline":"Perfektn\u00ed p\u0159\u00edle\u017eitost pro v\u0161echny mlad\u00e9 sle\u010dny i star\u0161\u00ed d\u00e1my","name":"Perfektn\u00ed p\u0159\u00edle\u017eitost pro v\u0161echny mlad\u00e9 sle\u010dny i star\u0161\u00ed d\u00e1my","description":"M\u00e1te, jako pan\u00ed ve st\u0159edn\u00edk v\u011bku, probl\u00e9my s \u0159\u00eddnut\u00edm a kvalitou Va\u0161ich vlas\u016f, kter\u00e9 nedor\u016fstaj\u00ed? Vy, mlad\u00e9 sle\u010dny, naopak s l\u00e1m\u00e1n\u00edm sv\u00fdch kade\u0159\u00ed a to zejm\u00e9na kv\u016fli \u010dast\u00e9mu barven\u00ed, \u017eehlen\u00ed a kulmov\u00e1n\u00ed? Prohl\u00e9dn\u011bte si na\u0161i nab\u00eddku! P\u0159ipravili jsme si pro V\u00e1s prodlu\u017eov\u00e1n\u00ed vlas\u016f v Praze v\u010detn\u011b jejich zhu\u0161t\u011bn\u00ed mnoha r\u016fzn\u00fdmi zp\u016fsoby! S v\u00fdb\u011brem V\u00e1m budeme [&hellip;]","datePublished":"2024-12-15","dateModified":"2024-12-15","author":{"@type":"Person","@id":"https:\/\/www.merkuriacl.cz\/author\/#Person","name":"","url":"https:\/\/www.merkuriacl.cz\/author\/","identifier":1,"image":{"@type":"ImageObject","@id":"https:\/\/secure.gravatar.com\/avatar\/0412c3dad30f33fa104fa4f87b3ce5af9aea5f3e20fa015d071a3573d325a5fc?s=96&d=mm&r=g","url":"https:\/\/secure.gravatar.com\/avatar\/0412c3dad30f33fa104fa4f87b3ce5af9aea5f3e20fa015d071a3573d325a5fc?s=96&d=mm&r=g","height":96,"width":96}},"publisher":{"@type":"Organization","name":"merkuriacl.cz","logo":{"@type":"ImageObject","@id":"\/logo.png","url":"\/logo.png","width":600,"height":60}},"url":"https:\/\/www.merkuriacl.cz\/perfektni-prilezitost-pro-vsechny-mlade-slecny-i-starsi-damy\/","wordCount":171,"articleBody":"M\u00e1te, jako pan\u00ed ve st\u0159edn\u00edk v\u011bku, probl\u00e9my s \u0159\u00eddnut\u00edm a kvalitou Va\u0161ich vlas\u016f, kter\u00e9 nedor\u016fstaj\u00ed? Vy, mlad\u00e9 sle\u010dny, naopak s l\u00e1m\u00e1n\u00edm sv\u00fdch kade\u0159\u00ed a to zejm\u00e9na kv\u016fli \u010dast\u00e9mu barven\u00ed, \u017eehlen\u00ed a kulmov\u00e1n\u00ed? Prohl\u00e9dn\u011bte si na\u0161i nab\u00eddku! P\u0159ipravili jsme si pro V\u00e1s prodlu\u017eov\u00e1n\u00ed vlas\u016f v Praze v\u010detn\u011b jejich zhu\u0161t\u011bn\u00ed mnoha r\u016fzn\u00fdmi zp\u016fsoby! S v\u00fdb\u011brem V\u00e1m budeme n\u00e1pomocn\u00ed!Vyu\u017eijte na\u0161ich jedine\u010dn\u00fdch slu\u017eeb, kter\u00e9 se py\u0161n\u00ed tou nejvy\u0161\u0161\u00ed kvalitouProdlu\u017eov\u00e1n\u00ed prov\u00e1d\u00edme pomoc\u00ed \u010dty\u0159 r\u016fzn\u00fdch metod, kter\u00e9 jsou velice \u0161etrn\u00e9. Nejedn\u00e1 se o postupy, kter\u00e9 by mohly po\u0161kodit Va\u0161e sou\u010dasn\u00e9 prameny. Napojen\u00ed je provedeno takov\u00fdm zp\u016fsobem, \u017ee lze p\u0159ichycen\u00e9 pram\u00ednky kdykoliv odepnout. \u010casto se tak\u00e9 posunuj\u00ed. Jsme si jist\u00ed, \u017ee s dosa\u017een\u00fdm v\u00fdsledkem budete naprosto spokojen\u00e9.                                                                                                                                                                                                                                                                                                                                                                                        2\/5 - (1 vote)        "},{"@context":"https:\/\/schema.org\/","@type":"BreadcrumbList","itemListElement":[{"@type":"ListItem","position":1,"name":"Perfektn\u00ed p\u0159\u00edle\u017eitost pro v\u0161echny mlad\u00e9 sle\u010dny i star\u0161\u00ed d\u00e1my","item":"https:\/\/www.merkuriacl.cz\/perfektni-prilezitost-pro-vsechny-mlade-slecny-i-starsi-damy\/#breadcrumbitem"}]}]